{"id":143,"date":"2017-10-31T14:12:33","date_gmt":"2017-10-31T20:12:33","guid":{"rendered":"http:\/\/registroacademico.esen.edu.sv\/?p=143"},"modified":"2017-10-31T14:55:11","modified_gmt":"2017-10-31T20:55:11","slug":"evaluacion-de-profesores-ciclo-3-2017","status":"publish","type":"post","link":"https:\/\/registroacademico.esen.edu.sv\/index.php\/2017\/10\/31\/evaluacion-de-profesores-ciclo-3-2017\/","title":{"rendered":"Evaluaci\u00f3n de Profesores, Ciclo 3 2017"},"content":{"rendered":"<p>Se encuentra habilitada la Evaluaci\u00f3n de Profesores. La evaluaci\u00f3n estar\u00e1 habilitada hasta el domingo 12 de noviembre a las 11:59 p. m.<\/p>\n<p>Una vez pasado el tiempo, ya no podr\u00e1 realizar su evaluaci\u00f3n. Alumnos que no realicen la evaluaci\u00f3n, inscriben una hora m\u00e1s tarde el siguiente per\u00edodo, de la asignada para su a\u00f1o y carrera.<\/p>\n","protected":false},"excerpt":{"rendered":"<p>Se encuentra habilitada la Evaluaci\u00f3n de Profesores. La evaluaci\u00f3n estar\u00e1 habilitada hasta el domingo 12 de noviembre a las 11:59 p. m. Una vez pasado el tiempo, ya no podr\u00e1 realizar su evaluaci\u00f3n. Alumnos que no realicen la evaluaci\u00f3n, inscriben <a href=\"https:\/\/registroacademico.esen.edu.sv\/index.php\/2017\/10\/31\/evaluacion-de-profesores-ciclo-3-2017\/\" class=\"read-more\">Leer m\u00e1s &#8230;<\/a><\/p>\n","protected":false},"author":1,"featured_media":0,"comment_status":"closed","ping_status":"open","sticky":false,"template":"","format":"standard","meta":{"_crdt_document":"","footnotes":""},"categories":[3],"tags":[],"class_list":["post-143","post","type-post","status-publish","format-standard","hentry","category-noticias"],"_links":{"self":[{"href":"https:\/\/registroacademico.esen.edu.sv\/index.php\/wp-json\/wp\/v2\/posts\/143","targetHints":{"allow":["GET"]}}],"collection":[{"href":"https:\/\/registroacademico.esen.edu.sv\/index.php\/wp-json\/wp\/v2\/posts"}],"about":[{"href":"https:\/\/registroacademico.esen.edu.sv\/index.php\/wp-json\/wp\/v2\/types\/post"}],"author":[{"embeddable":true,"href":"https:\/\/registroacademico.esen.edu.sv\/index.php\/wp-json\/wp\/v2\/users\/1"}],"replies":[{"embeddable":true,"href":"https:\/\/registroacademico.esen.edu.sv\/index.php\/wp-json\/wp\/v2\/comments?post=143"}],"version-history":[{"count":3,"href":"https:\/\/registroacademico.esen.edu.sv\/index.php\/wp-json\/wp\/v2\/posts\/143\/revisions"}],"predecessor-version":[{"id":146,"href":"https:\/\/registroacademico.esen.edu.sv\/index.php\/wp-json\/wp\/v2\/posts\/143\/revisions\/146"}],"wp:attachment":[{"href":"https:\/\/registroacademico.esen.edu.sv\/index.php\/wp-json\/wp\/v2\/media?parent=143"}],"wp:term":[{"taxonomy":"category","embeddable":true,"href":"https:\/\/registroacademico.esen.edu.sv\/index.php\/wp-json\/wp\/v2\/categories?post=143"},{"taxonomy":"post_tag","embeddable":true,"href":"https:\/\/registroacademico.esen.edu.sv\/index.php\/wp-json\/wp\/v2\/tags?post=143"}],"curies":[{"name":"wp","href":"https:\/\/api.w.org\/{rel}","templated":true}]}}