{"id":154,"date":"2018-01-05T14:41:07","date_gmt":"2018-01-05T20:41:07","guid":{"rendered":"http:\/\/registroacademico.esen.edu.sv\/?p=154"},"modified":"2018-01-05T14:43:24","modified_gmt":"2018-01-05T20:43:24","slug":"fechas-inscripcion-ciclo-i-2018","status":"publish","type":"post","link":"https:\/\/registroacademico.esen.edu.sv\/index.php\/2018\/01\/05\/fechas-inscripcion-ciclo-i-2018\/","title":{"rendered":"Fechas Inscripci\u00f3n Ciclo I &#8211; 2018"},"content":{"rendered":"<p>Inscripci\u00f3n de Materias: A partir del <strong>mi\u00e9rcoles 10 de enero<\/strong>, en los horarios siguientes seg\u00fan a\u00f1o de carrera:<\/p>\n<table style=\"width: 100%;\">\n<tbody>\n<tr>\n<td style=\"text-align: center;\"><strong>A\u00f1o de Carrera<\/strong><\/td>\n<td style=\"text-align: center;\"><strong>D\u00eda de Inscripci\u00f3n<\/strong><\/td>\n<td style=\"text-align: center;\"><strong>Horario de Inscripci\u00f3n<\/strong><\/td>\n<\/tr>\n<tr>\n<td style=\"text-align: center;\"><strong>3\u00ba<\/strong><\/td>\n<td>Mi\u00e9rcoles 10<\/td>\n<td>9:00 a. m. en adelante<\/td>\n<\/tr>\n<tr>\n<td style=\"text-align: center;\"><strong>2\u00ba<\/strong><\/td>\n<td>Mi\u00e9rcoles 10<\/td>\n<td>3:00 p. m. en adelante<\/td>\n<\/tr>\n<tr>\n<td style=\"text-align: center;\"><strong>5\u00ba<\/strong><\/td>\n<td>Jueves 11<\/td>\n<td>9:00 a. m. en adelante<\/td>\n<\/tr>\n<tr>\n<td style=\"text-align: center;\"><strong>4\u00ba<\/strong><\/td>\n<td>Jueves 11<\/td>\n<td>3:00 p. m. en adelante<\/td>\n<\/tr>\n<\/tbody>\n<\/table>\n<p>Los alumnos que no realizaran evaluaci\u00f3n de profesores el ciclo III &#8211; 2017, se habilitar\u00e1 el sistema una hora posterior a la asignada a su a\u00f1o.<\/p>\n","protected":false},"excerpt":{"rendered":"<p>Inscripci\u00f3n de Materias: A partir del mi\u00e9rcoles 10 de enero, en los horarios siguientes seg\u00fan a\u00f1o de carrera: A\u00f1o de Carrera D\u00eda de Inscripci\u00f3n Horario de Inscripci\u00f3n 3\u00ba Mi\u00e9rcoles 10 9:00 a. m. en adelante 2\u00ba Mi\u00e9rcoles 10 3:00 p. <a href=\"https:\/\/registroacademico.esen.edu.sv\/index.php\/2018\/01\/05\/fechas-inscripcion-ciclo-i-2018\/\" class=\"read-more\">Leer m\u00e1s &#8230;<\/a><\/p>\n","protected":false},"author":1,"featured_media":0,"comment_status":"closed","ping_status":"open","sticky":false,"template":"","format":"standard","meta":{"_crdt_document":"","footnotes":""},"categories":[3],"tags":[],"class_list":["post-154","post","type-post","status-publish","format-standard","hentry","category-noticias"],"_links":{"self":[{"href":"https:\/\/registroacademico.esen.edu.sv\/index.php\/wp-json\/wp\/v2\/posts\/154","targetHints":{"allow":["GET"]}}],"collection":[{"href":"https:\/\/registroacademico.esen.edu.sv\/index.php\/wp-json\/wp\/v2\/posts"}],"about":[{"href":"https:\/\/registroacademico.esen.edu.sv\/index.php\/wp-json\/wp\/v2\/types\/post"}],"author":[{"embeddable":true,"href":"https:\/\/registroacademico.esen.edu.sv\/index.php\/wp-json\/wp\/v2\/users\/1"}],"replies":[{"embeddable":true,"href":"https:\/\/registroacademico.esen.edu.sv\/index.php\/wp-json\/wp\/v2\/comments?post=154"}],"version-history":[{"count":4,"href":"https:\/\/registroacademico.esen.edu.sv\/index.php\/wp-json\/wp\/v2\/posts\/154\/revisions"}],"predecessor-version":[{"id":158,"href":"https:\/\/registroacademico.esen.edu.sv\/index.php\/wp-json\/wp\/v2\/posts\/154\/revisions\/158"}],"wp:attachment":[{"href":"https:\/\/registroacademico.esen.edu.sv\/index.php\/wp-json\/wp\/v2\/media?parent=154"}],"wp:term":[{"taxonomy":"category","embeddable":true,"href":"https:\/\/registroacademico.esen.edu.sv\/index.php\/wp-json\/wp\/v2\/categories?post=154"},{"taxonomy":"post_tag","embeddable":true,"href":"https:\/\/registroacademico.esen.edu.sv\/index.php\/wp-json\/wp\/v2\/tags?post=154"}],"curies":[{"name":"wp","href":"https:\/\/api.w.org\/{rel}","templated":true}]}}