{"id":179,"date":"2018-11-27T14:23:15","date_gmt":"2018-11-27T20:23:15","guid":{"rendered":"http:\/\/registroacademico.esen.edu.sv\/?p=179"},"modified":"2018-11-27T14:23:37","modified_gmt":"2018-11-27T20:23:37","slug":"evaluacion-de-profesores-ciclo-iii-2018-primer-ano","status":"publish","type":"post","link":"https:\/\/registroacademico.esen.edu.sv\/index.php\/2018\/11\/27\/evaluacion-de-profesores-ciclo-iii-2018-primer-ano\/","title":{"rendered":"Evaluaci\u00f3n de Profesores Ciclo III &#8211; 2018 &#8211; Primer a\u00f1o"},"content":{"rendered":"\n<p class=\"wp-block-paragraph\">Se habilit\u00f3 la evaluaci\u00f3n de profesores para el Ciclo III &#8211; 2018, solamente para alumnos de 1er a\u00f1o, estar\u00e1 disponible hasta el domingo 2 de diciembre a las 11:59 p. m. hora del servidor, en el sistema de alumnos.<\/p>\n","protected":false},"excerpt":{"rendered":"<p>Se habilit\u00f3 la evaluaci\u00f3n de profesores para el Ciclo III &#8211; 2018, solamente para alumnos de 1er a\u00f1o, estar\u00e1 disponible hasta el domingo 2 de diciembre a las 11:59 p. m. hora del servidor, en el sistema de alumnos.<\/p>\n","protected":false},"author":1,"featured_media":0,"comment_status":"closed","ping_status":"open","sticky":false,"template":"","format":"standard","meta":{"_crdt_document":"","footnotes":""},"categories":[3],"tags":[],"class_list":["post-179","post","type-post","status-publish","format-standard","hentry","category-noticias"],"_links":{"self":[{"href":"https:\/\/registroacademico.esen.edu.sv\/index.php\/wp-json\/wp\/v2\/posts\/179","targetHints":{"allow":["GET"]}}],"collection":[{"href":"https:\/\/registroacademico.esen.edu.sv\/index.php\/wp-json\/wp\/v2\/posts"}],"about":[{"href":"https:\/\/registroacademico.esen.edu.sv\/index.php\/wp-json\/wp\/v2\/types\/post"}],"author":[{"embeddable":true,"href":"https:\/\/registroacademico.esen.edu.sv\/index.php\/wp-json\/wp\/v2\/users\/1"}],"replies":[{"embeddable":true,"href":"https:\/\/registroacademico.esen.edu.sv\/index.php\/wp-json\/wp\/v2\/comments?post=179"}],"version-history":[{"count":1,"href":"https:\/\/registroacademico.esen.edu.sv\/index.php\/wp-json\/wp\/v2\/posts\/179\/revisions"}],"predecessor-version":[{"id":180,"href":"https:\/\/registroacademico.esen.edu.sv\/index.php\/wp-json\/wp\/v2\/posts\/179\/revisions\/180"}],"wp:attachment":[{"href":"https:\/\/registroacademico.esen.edu.sv\/index.php\/wp-json\/wp\/v2\/media?parent=179"}],"wp:term":[{"taxonomy":"category","embeddable":true,"href":"https:\/\/registroacademico.esen.edu.sv\/index.php\/wp-json\/wp\/v2\/categories?post=179"},{"taxonomy":"post_tag","embeddable":true,"href":"https:\/\/registroacademico.esen.edu.sv\/index.php\/wp-json\/wp\/v2\/tags?post=179"}],"curies":[{"name":"wp","href":"https:\/\/api.w.org\/{rel}","templated":true}]}}