{"id":376,"date":"2022-01-12T01:27:19","date_gmt":"2022-01-12T07:27:19","guid":{"rendered":"https:\/\/registroacademico.esen.edu.sv\/?p=376"},"modified":"2022-01-12T01:27:19","modified_gmt":"2022-01-12T07:27:19","slug":"inscripcion-ciclo-i-2022","status":"publish","type":"post","link":"https:\/\/registroacademico.esen.edu.sv\/index.php\/2022\/01\/12\/inscripcion-ciclo-i-2022\/","title":{"rendered":"Inscripci\u00f3n Ciclo I &#8211; 2022"},"content":{"rendered":"\n<p class=\"wp-block-paragraph\">La inscripci\u00f3n de materias para el ciclo I &#8211; 2022 ser\u00e1 en los siguientes horarios:<\/p>\n\n\n\n<figure class=\"wp-block-table\"><table><tbody><tr><td><strong>A\u00f1o de Carrera<\/strong><\/td><td><strong>D\u00eda de Inscripci\u00f3n<\/strong><\/td><td><strong>Horario de Inscripci\u00f3n<\/strong><\/td><\/tr><tr><td>5\u00b0<\/td><td>Mi\u00e9rcoles 12 de enero<\/td><td>10:00 a.m. en adelante<\/td><\/tr><tr><td>4\u00b0<\/td><td>Mi\u00e9rcoles 12 de enero<\/td><td>3:00 p.m. en adelante<\/td><\/tr><tr><td>3\u00b0<\/td><td>Jueves 13 de enero<\/td><td>10:00 a.m. en adelante<\/td><\/tr><tr><td>2\u00b0<\/td><td>Jueves 13 de enero<\/td><td>3:00 p.m. en adelante<\/td><\/tr><\/tbody><\/table><\/figure>\n\n\n\n<p class=\"wp-block-paragraph\">La inscripci\u00f3n se cerrar\u00e1 para todos los a\u00f1os, el viernes 14 de enero a las 11:59 p.m.<\/p>\n\n\n\n<p class=\"wp-block-paragraph\">Para alumnos de primer a\u00f1o se avisar\u00e1 posteriormente.<\/p>\n","protected":false},"excerpt":{"rendered":"<p>La inscripci\u00f3n de materias para el ciclo I &#8211; 2022 ser\u00e1 en los siguientes horarios: A\u00f1o de Carrera D\u00eda de Inscripci\u00f3n Horario de Inscripci\u00f3n 5\u00b0 Mi\u00e9rcoles 12 de enero 10:00 a.m. en adelante 4\u00b0 Mi\u00e9rcoles 12 de enero 3:00 p.m. <a href=\"https:\/\/registroacademico.esen.edu.sv\/index.php\/2022\/01\/12\/inscripcion-ciclo-i-2022\/\" class=\"read-more\">Leer m\u00e1s &#8230;<\/a><\/p>\n","protected":false},"author":1,"featured_media":0,"comment_status":"closed","ping_status":"open","sticky":false,"template":"","format":"standard","meta":{"_crdt_document":"","footnotes":""},"categories":[3],"tags":[],"class_list":["post-376","post","type-post","status-publish","format-standard","hentry","category-noticias"],"_links":{"self":[{"href":"https:\/\/registroacademico.esen.edu.sv\/index.php\/wp-json\/wp\/v2\/posts\/376","targetHints":{"allow":["GET"]}}],"collection":[{"href":"https:\/\/registroacademico.esen.edu.sv\/index.php\/wp-json\/wp\/v2\/posts"}],"about":[{"href":"https:\/\/registroacademico.esen.edu.sv\/index.php\/wp-json\/wp\/v2\/types\/post"}],"author":[{"embeddable":true,"href":"https:\/\/registroacademico.esen.edu.sv\/index.php\/wp-json\/wp\/v2\/users\/1"}],"replies":[{"embeddable":true,"href":"https:\/\/registroacademico.esen.edu.sv\/index.php\/wp-json\/wp\/v2\/comments?post=376"}],"version-history":[{"count":1,"href":"https:\/\/registroacademico.esen.edu.sv\/index.php\/wp-json\/wp\/v2\/posts\/376\/revisions"}],"predecessor-version":[{"id":377,"href":"https:\/\/registroacademico.esen.edu.sv\/index.php\/wp-json\/wp\/v2\/posts\/376\/revisions\/377"}],"wp:attachment":[{"href":"https:\/\/registroacademico.esen.edu.sv\/index.php\/wp-json\/wp\/v2\/media?parent=376"}],"wp:term":[{"taxonomy":"category","embeddable":true,"href":"https:\/\/registroacademico.esen.edu.sv\/index.php\/wp-json\/wp\/v2\/categories?post=376"},{"taxonomy":"post_tag","embeddable":true,"href":"https:\/\/registroacademico.esen.edu.sv\/index.php\/wp-json\/wp\/v2\/tags?post=376"}],"curies":[{"name":"wp","href":"https:\/\/api.w.org\/{rel}","templated":true}]}}