{"id":77,"date":"2016-08-18T16:45:26","date_gmt":"2016-08-18T22:45:26","guid":{"rendered":"http:\/\/registroacademico.esen.edu.sv\/?p=77"},"modified":"2016-08-18T16:46:04","modified_gmt":"2016-08-18T22:46:04","slug":"respecto-a-electivas-de-economia-y-negocios-para-4to-y-5to-ano","status":"publish","type":"post","link":"https:\/\/registroacademico.esen.edu.sv\/index.php\/2016\/08\/18\/respecto-a-electivas-de-economia-y-negocios-para-4to-y-5to-ano\/","title":{"rendered":"Respecto a electivas de Econom\u00eda y Negocios para 4to y 5to a\u00f1o"},"content":{"rendered":"<p>Con respecto a las electivas de Econom\u00eda y Negocios, se habilitar\u00e1 que cuarto a\u00f1o inscriba materias de quinto a\u00f1o y viceversa, aqu\u00ed el detalle de cupos:<\/p>\n<table>\n<tbody>\n<tr>\n<td>Electivas de quinto a\u00f1o<\/td>\n<td>Comentario<\/td>\n<\/tr>\n<tr>\n<td>Branding<\/td>\n<td>Solamente la podr\u00e1n cursar alumnos de quinto a\u00f1o. Cupo m\u00e1ximo de 25.<\/td>\n<\/tr>\n<tr>\n<td>Gobierno Corporativo<\/td>\n<td>Solamente la podr\u00e1n cursar alumnos de quinto a\u00f1o. Cupo m\u00e1ximo de 25.<\/td>\n<\/tr>\n<tr>\n<td>Historia de la M\u00fasica<\/td>\n<td>Solamente la podr\u00e1n cursar alumnos de quinto a\u00f1o. Cupo m\u00e1ximo de 20.<\/td>\n<\/tr>\n<tr>\n<td>Franc\u00e9s IV<\/td>\n<td>Solamente la podr\u00e1n cursar alumnos de quinto a\u00f1o.<\/td>\n<\/tr>\n<tr>\n<td>Instrumentos de Renta Fija<\/td>\n<td>Cupo m\u00e1ximo de 25 alumnos. Pueden cursarla alumnos de cuarto a\u00f1o.<\/td>\n<\/tr>\n<tr>\n<td>Utilitarismo y Pragmatismo<\/td>\n<td>Cupo m\u00e1ximo de 25 alumnos. Pueden cursarla alumnos de cuarto a\u00f1o.<\/td>\n<\/tr>\n<tr>\n<td>Cultural Diversity<\/td>\n<td>Cupo m\u00e1ximo de 25 alumnos. Pueden cursarla alumnos de cuarto a\u00f1o.<\/td>\n<\/tr>\n<tr>\n<td>Modelaci\u00f3n Financiera<\/td>\n<td>Cupo m\u00e1ximo de 25 alumnos. Pueden cursarla alumnos de cuarto a\u00f1o.<\/td>\n<\/tr>\n<tr>\n<td>Hablando en p\u00fablico<\/td>\n<td>Cupo m\u00e1ximo de 20 alumnos. Pueden cursarla alumnos de cuarto a\u00f1o.<\/td>\n<\/tr>\n<\/tbody>\n<\/table>\n<p>&nbsp;<\/p>\n<table>\n<tbody>\n<tr>\n<td>Electivas de cuarto a\u00f1o<\/td>\n<td>Comentario<\/td>\n<\/tr>\n<tr>\n<td>IBT Preparaci\u00f3n para TOEFL<\/td>\n<td>Cupo m\u00e1ximo de 25. La pueden llevar 5 alumnos de quinto a\u00f1o.<\/td>\n<\/tr>\n<tr>\n<td>Managing Bilingual Companies<\/td>\n<td>Cupo m\u00e1ximo de 20. \u00a0Solamente alumnos de cuarto a\u00f1o.<\/td>\n<\/tr>\n<tr>\n<td>Marketing Estrat\u00e9gico<\/td>\n<td>Cupo m\u00e1ximo de 30. La pueden llevar 5 alumnos de quinto a\u00f1o.<\/td>\n<\/tr>\n<tr>\n<td>Franc\u00e9s II<\/td>\n<td>Cupo m\u00e1ximo de 20. Solamente la pueden llevar de cuarto a\u00f1o.<\/td>\n<\/tr>\n<\/tbody>\n<\/table>\n<p>Todas las inscripciones deben ser realizadas a trav\u00e9s del sistema de inscripci\u00f3n.<\/p>\n","protected":false},"excerpt":{"rendered":"<p>Con respecto a las electivas de Econom\u00eda y Negocios, se habilitar\u00e1 que cuarto a\u00f1o inscriba materias de quinto a\u00f1o y viceversa, aqu\u00ed el detalle de cupos: Electivas de quinto a\u00f1o Comentario Branding Solamente la podr\u00e1n cursar alumnos de quinto a\u00f1o. <a href=\"https:\/\/registroacademico.esen.edu.sv\/index.php\/2016\/08\/18\/respecto-a-electivas-de-economia-y-negocios-para-4to-y-5to-ano\/\" class=\"read-more\">Leer m\u00e1s &#8230;<\/a><\/p>\n","protected":false},"author":1,"featured_media":0,"comment_status":"closed","ping_status":"open","sticky":false,"template":"","format":"standard","meta":{"_crdt_document":"","footnotes":""},"categories":[3],"tags":[],"class_list":["post-77","post","type-post","status-publish","format-standard","hentry","category-noticias"],"_links":{"self":[{"href":"https:\/\/registroacademico.esen.edu.sv\/index.php\/wp-json\/wp\/v2\/posts\/77","targetHints":{"allow":["GET"]}}],"collection":[{"href":"https:\/\/registroacademico.esen.edu.sv\/index.php\/wp-json\/wp\/v2\/posts"}],"about":[{"href":"https:\/\/registroacademico.esen.edu.sv\/index.php\/wp-json\/wp\/v2\/types\/post"}],"author":[{"embeddable":true,"href":"https:\/\/registroacademico.esen.edu.sv\/index.php\/wp-json\/wp\/v2\/users\/1"}],"replies":[{"embeddable":true,"href":"https:\/\/registroacademico.esen.edu.sv\/index.php\/wp-json\/wp\/v2\/comments?post=77"}],"version-history":[{"count":6,"href":"https:\/\/registroacademico.esen.edu.sv\/index.php\/wp-json\/wp\/v2\/posts\/77\/revisions"}],"predecessor-version":[{"id":83,"href":"https:\/\/registroacademico.esen.edu.sv\/index.php\/wp-json\/wp\/v2\/posts\/77\/revisions\/83"}],"wp:attachment":[{"href":"https:\/\/registroacademico.esen.edu.sv\/index.php\/wp-json\/wp\/v2\/media?parent=77"}],"wp:term":[{"taxonomy":"category","embeddable":true,"href":"https:\/\/registroacademico.esen.edu.sv\/index.php\/wp-json\/wp\/v2\/categories?post=77"},{"taxonomy":"post_tag","embeddable":true,"href":"https:\/\/registroacademico.esen.edu.sv\/index.php\/wp-json\/wp\/v2\/tags?post=77"}],"curies":[{"name":"wp","href":"https:\/\/api.w.org\/{rel}","templated":true}]}}